{"id":484,"date":"2020-06-23T23:55:18","date_gmt":"2020-06-23T23:55:18","guid":{"rendered":"https:\/\/sensationyoga.ca\/wp\/?p=484"},"modified":"2023-05-06T01:22:46","modified_gmt":"2023-05-06T01:22:46","slug":"nos-2-confinements","status":"publish","type":"post","link":"https:\/\/sensationyoga.ca\/wp\/nos-2-confinements\/","title":{"rendered":"Nos deux confinements"},"content":{"rendered":"<div class=\"fusion-fullwidth fullwidth-box fusion-builder-row-1 fusion-flex-container nonhundred-percent-fullwidth non-hundred-percent-height-scrolling\" style=\"--awb-border-radius-top-left:0px;--awb-border-radius-top-right:0px;--awb-border-radius-bottom-right:0px;--awb-border-radius-bottom-left:0px;--awb-flex-wrap:wrap;\" ><div class=\"fusion-builder-row fusion-row fusion-flex-align-items-flex-start fusion-flex-content-wrap\" style=\"max-width:1216.8px;margin-left: calc(-4% \/ 2 );margin-right: calc(-4% \/ 2 );\"><div class=\"fusion-layout-column fusion_builder_column fusion-builder-column-0 fusion_builder_column_1_1 1_1 fusion-flex-column\" style=\"--awb-bg-size:cover;--awb-width-large:100%;--awb-margin-top-large:0px;--awb-spacing-right-large:1.92%;--awb-margin-bottom-large:0px;--awb-spacing-left-large:1.92%;--awb-width-medium:100%;--awb-spacing-right-medium:1.92%;--awb-spacing-left-medium:1.92%;--awb-width-small:100%;--awb-spacing-right-small:1.92%;--awb-spacing-left-small:1.92%;\"><div class=\"fusion-column-wrapper fusion-flex-justify-content-flex-start fusion-content-layout-column\"><div class=\"fusion-text fusion-text-1\"><\/p>\n<\/p>\n<p class=\"wp-block-paragraph\">J\u2019ai d\u00e9cid\u00e9 d\u2019\u00e9crire \u00e0 propos de nos deux \u00ab\u00a0confinements\u00a0\u00bb afin de donner un peu d\u2019espoir aux mamans qui vivent avec un b\u00e9b\u00e9 en n\u00e9onatalogie ou qui ont eu un \u00ab\u00a0b\u00e9b\u00e9 COVID\u00a0\u00bb. Une partie de ce texte a \u00e9t\u00e9 \u00e9crite durant le s\u00e9jour de notre fille \u00e0 l\u2019h\u00f4pital afin de me lib\u00e9rer un peu de toutes les \u00e9motions que nous vivions. Comme je le dis souvent, tout passe\u2026 donc vous devinerez que cette p\u00e9riode un peu moins facile est maintenant derri\u00e8re nous et que tout va bien maintenant!<\/p>\n<\/p>\n<\/p>\n<p class=\"wp-block-paragraph\">On m\u2019a souvent mentionn\u00e9 que pour \u00e9lever un enfant, \u00e7a prend un village! Je peux maintenant vous confirmer que lorsque nous vivons des p\u00e9riodes difficiles ou de solitude avec b\u00e9b\u00e9, cette expression prend tout son sens\u2026<\/p>\n<\/p>\n<\/p>\n<p class=\"wp-block-paragraph\">Accoucher pr\u00e9matur\u00e9ment vient bien certainement avec plusieurs deuils \u00e0 faire. Dans mon cas, la disparition soudaine de ma \u00ab&nbsp;mini bedaine&nbsp;\u00bb, l\u2019absence de ma s\u00e9ance de photos de grossesse et le manque de proximit\u00e9 avec mon b\u00e9b\u00e9 apr\u00e8s sa naissance n&rsquo;en sont que quelques-uns. Par la suite est venue la culpabilit\u00e9 de ne pas \u00eatre \u00ab&nbsp;capable&nbsp;\u00bb de porter mon b\u00e9b\u00e9 \u00e0 terme et la peur que mon b\u00e9b\u00e9 d\u00e9c\u00e8de&#8230;<\/p>\n<\/p>\n<\/p>\n<h3 class=\"wp-block-heading\">&nbsp;<\/h3>\n<h3>Notre premier confinement<\/h3>\n<\/p>\n<p class=\"wp-block-paragraph\">Les sept semaines pass\u00e9es avec mon b\u00e9b\u00e9 en n\u00e9onatologie ont \u00e9t\u00e9 les plus difficiles de ma vie, j\u2019\u00e9tais litt\u00e9ralement en \u00e9tat de choc! Je peux vous dire qu\u2019\u00e0 ce moment-l\u00e0, l\u2019\u00e9quilibre de vie que je pr\u00f4ne activement dans mon quotidien n\u2019y \u00e9tait pas du tout\u2026 Et c\u2019\u00e9tait bien correct! Heureusement, mon conjoint \u00e9tait l\u00e0 pour veiller sur nous et sur notre maison (je ne lui dirai jamais assez \u00e0 quel point son aide physique et psychologique a \u00e9t\u00e9 pr\u00e9cieuse!).<\/p>\n<\/p>\n<\/p>\n<p class=\"wp-block-paragraph\">Une fois sortis de l\u2019h\u00f4pital, on nous a bien mis en garde de ne pas exposer b\u00e9b\u00e9 aux virus, comme par exemple la grippe (qui est ultra pr\u00e9sente en hiver). Donc nous avons restreint les visites au minimum pour essayer du mieux qu\u2019on pouvait de retrouver un peu de zenitude dans notre vie et de rester tous en sant\u00e9 et loin de l\u2019h\u00f4pital\u2026!<\/p>\n<\/p>\n<\/p>\n<p class=\"wp-block-paragraph\">Jusque l\u00e0, je m\u2019ennuyais un peu de mon monde, mais ce que je souhaitais par-dessus tout, c\u2019\u00e9tait de m\u2019enfermer dans ma maison avec b\u00e9b\u00e9 et papa afin de nous remettre de ces \u00e9motions! Je voulais de la paix, de la sant\u00e9 et de l\u2019amour\u2026<\/p>\n<\/p>\n<div class=\"wp-block-spacer\" style=\"height: 55px;\" aria-hidden=\"true\">&nbsp;<\/div>\n<\/p>\n<h3 class=\"wp-block-heading\">Notre deuxi\u00e8me confinement<\/h3>\n<\/p>\n<p class=\"wp-block-paragraph\">Environ cinq ou six semaines plus tard arriva la foutue COVID! D\u00e9but de notre deuxi\u00e8me \u00ab&nbsp;confinement&nbsp;\u00bb&#8230; Pour \u00eatre bien franche, je croyais au d\u00e9part que les m\u00e9dias alarmaient les gens et que cela durerait une semaine ou deux, donc je n\u2019y voyais aucun inconv\u00e9nient. C\u2019\u00e9tait une occasion de continuer ma lune de miel tant r\u00eav\u00e9e avec b\u00e9b\u00e9. Mon conjoint a continu\u00e9 de travailler, donc j\u2019\u00e9tais seule avec b\u00e9b\u00e9.<\/p>\n<\/p>\n<\/p>\n<p class=\"wp-block-paragraph\">Les semaines ont pass\u00e9, les \u00ab&nbsp;FaceTime&nbsp;\u00bb se sont encha\u00een\u00e9s, et l\u00e0, je commen\u00e7ais vraiment \u00e0 avoir envie de voir des gens! Moi qui me suis toujours consid\u00e9r\u00e9e comme une personne solitaire et une femme autonome, une \u00ab&nbsp;SuperWoman&nbsp;\u00bb, j\u2019avais envie de voir du monde et d\u2019avoir un peu d\u2019aide! Mon b\u00e9b\u00e9 dormait seulement dans mes bras durant le jour, donc je n&rsquo;avais pas vraiment de temps de r\u00e9pit (sauf quand nous allions prendre des marches ;) )&#8230; Je suis une personne habituellement tr\u00e8s positive (maintenant ;) ), mais \u00e0 ce moment-l\u00e0, la tristesse m\u2019habitait de plus en plus. J\u2019avais l\u2019impression que mes proches ne conna\u00eetraient jamais mon b\u00e9b\u00e9 qui allait bient\u00f4t avoir 6 mois\u2026<\/p>\n<\/p>\n<\/p>\n<p class=\"wp-block-paragraph\">&nbsp;<\/p>\n<p>\u00c0 l\u2019instant o\u00f9 j\u2019\u00e9cris cet article, le d\u00e9confinement est commenc\u00e9 et j\u2019en suis ravie!<\/p>\n<\/p>\n<p class=\"wp-block-paragraph\"><strong>Heureusement, durant les p\u00e9riodes comme celle de la pand\u00e9mie et en tout temps, il existe des ressources pour les mamans (et aussi pour les papas) qui se sentent \u00e9puis\u00e9es et d\u00e9pass\u00e9es par les \u00e9v\u00e9nements. La force des groupes de discussion avant les cours de yoga pr\u00e9 et postnatal en sont un exemple. C\u2019est important de parler, cela fait du bien! Gr\u00e2ce au Hatha yoga, j\u2019ai pu utiliser des outils qui m\u2019ont permis de rester \u00ab&nbsp;ground\u00e9e&nbsp;\u00bb et non pas de me perdre dans les vibrations n\u00e9gatives qui \u00e9taient pr\u00e9sentes dans notre environnement. Plusieurs <a href=\"https:\/\/sensationyoga.ca\/wp\/consultation-perinatale-2\/\">accompagnantes \u00e0 la naissance (doulas) offrent aussi un service de relevailles. <\/a><\/strong><a href=\"https:\/\/sensationyoga.ca\/wp\/contactez-moi\/\">N&rsquo;h\u00e9sites pas \u00e0 demander cette aide si pr\u00e9cieuse.<\/a><\/p>\n<\/p>\n<div class=\"wp-block-spacer\" style=\"height: 55px;\" aria-hidden=\"true\">&nbsp;<\/div>\n<\/p>\n<div class=\"wp-block-image is-style-rounded\">\n<figure class=\"aligncenter size-large\"><img decoding=\"async\" width=\"640\" height=\"629\" class=\"lazyload wp-image-485\" src=\"https:\/\/sensationyoga.ca\/wp\/wp-content\/uploads\/2020\/06\/Cercle.jpg\" data-orig-src=\"https:\/\/sensationyoga.ca\/wp\/wp-content\/uploads\/2020\/06\/Cercle.jpg\" alt=\"\" srcset=\"data:image\/svg+xml,%3Csvg%20xmlns%3D%27http%3A%2F%2Fwww.w3.org%2F2000%2Fsvg%27%20width%3D%27640%27%20height%3D%27629%27%20viewBox%3D%270%200%20640%20629%27%3E%3Crect%20width%3D%27640%27%20height%3D%27629%27%20fill-opacity%3D%220%22%2F%3E%3C%2Fsvg%3E\" data-srcset=\"https:\/\/sensationyoga.ca\/wp\/wp-content\/uploads\/2020\/06\/Cercle-75x75.jpg 75w, https:\/\/sensationyoga.ca\/wp\/wp-content\/uploads\/2020\/06\/Cercle-300x295.jpg 300w, https:\/\/sensationyoga.ca\/wp\/wp-content\/uploads\/2020\/06\/Cercle-500x491.jpg 500w, https:\/\/sensationyoga.ca\/wp\/wp-content\/uploads\/2020\/06\/Cercle.jpg 640w\" data-sizes=\"auto\" data-orig-sizes=\"(max-width: 640px) 100vw, 640px\" \/><\/figure>\n<\/div>\n<\/p>\n<div class=\"wp-block-spacer\" style=\"height: 55px;\" aria-hidden=\"true\">&nbsp;<\/div>\n<\/p>\n<p class=\"wp-block-paragraph\">Nous devons accueillir nos \u00e9motions pour pouvoir les laisser partir par la suite. C\u2019est normal de vivre des \u00e9motions, qu\u2019elles soient n\u00e9gatives ou positives.<\/p>\n<\/p>\n<\/p>\n<p class=\"wp-block-paragraph\">J\u2019ai maintenant encore plus le go\u00fbt de m\u2019entourer de femmes, de mamans. Nous sommes toutes diff\u00e9rentes, mais la maternit\u00e9 est un lien qui nous unit d&rsquo;une fa\u00e7on indescriptible.<\/p>\n<\/p>\n<div class=\"wp-block-spacer\" style=\"height: 55px;\" aria-hidden=\"true\">&nbsp;<\/div>\n<\/p>\n<p class=\"wp-block-paragraph\">Si mon partage peut faire du bien \u00e0 l\u2019une d\u2019entre vous qui me lirez, j\u2019en serai tr\u00e8s heureuse.<\/p>\n<\/p>\n<p class=\"wp-block-paragraph\">Surtout, n\u2019oublies pas que tout passe\u2026<\/p>\n<\/p>\n<p class=\"wp-block-paragraph\">Je te souhaite de la paix et de l&rsquo;amour&#8230;<\/p>\n<\/p>\n<div class=\"wp-block-spacer\" style=\"height: 65px;\" aria-hidden=\"true\">&nbsp;<\/div>\n<\/p>\n<p class=\"wp-block-paragraph\">Annik xx<\/p>\n<\/p>\n<div class=\"wp-block-spacer\" style=\"height: 100px;\" aria-hidden=\"true\">&nbsp;<\/div><\/p>\n<\/div><\/div><\/div><\/div><\/div>","protected":false},"excerpt":{"rendered":"","protected":false},"author":1,"featured_media":0,"comment_status":"open","ping_status":"open","sticky":false,"template":"","format":"standard","meta":{"_seopress_titles_title":"","_seopress_titles_desc":"","_seopress_robots_index":"","_seopress_robots_follow":"","_seopress_robots_imageindex":"","_seopress_robots_snippet":"","_seopress_robots_primary_cat":"none","_seopress_robots_breadcrumbs":"","_seopress_robots_freeze_modified_date":"","_seopress_robots_custom_modified_date":"","_seopress_robots_canonical":"","_seopress_social_fb_title":"","_seopress_social_fb_desc":"","_seopress_social_fb_img":"","_seopress_social_fb_img_attachment_id":0,"_seopress_social_fb_img_width":0,"_seopress_social_fb_img_height":0,"_seopress_social_twitter_title":"","_seopress_social_twitter_desc":"","_seopress_social_twitter_img":"","_seopress_social_twitter_img_attachment_id":0,"_seopress_social_twitter_img_width":0,"_seopress_social_twitter_img_height":0,"_seopress_redirections_value":"","_seopress_redirections_enabled":"","_seopress_redirections_enabled_regex":"","_seopress_redirections_logged_status":"both","_seopress_redirections_param":"","_seopress_redirections_type":301,"_seopress_analysis_target_kw":"","_seopress_news_disabled":"","_seopress_video_disabled":"","_seopress_video":[],"_seopress_pro_schemas_manual":[{"_seopress_pro_rich_snippets_type":"none"}],"_seopress_pro_rich_snippets_disable_all":"","_seopress_pro_rich_snippets_disable":[],"_seopress_pro_schemas":[],"_monsterinsights_skip_tracking":false,"footnotes":""},"categories":[9,11],"tags":[28,27,16],"class_list":["post-484","post","type-post","status-publish","format-standard","hentry","category-maternite","category-perinatalite-cat","tag-bebe-et-covid","tag-confinement","tag-perinatalite"],"_links":{"self":[{"href":"https:\/\/sensationyoga.ca\/wp\/wp-json\/wp\/v2\/posts\/484","targetHints":{"allow":["GET"]}}],"collection":[{"href":"https:\/\/sensationyoga.ca\/wp\/wp-json\/wp\/v2\/posts"}],"about":[{"href":"https:\/\/sensationyoga.ca\/wp\/wp-json\/wp\/v2\/types\/post"}],"author":[{"embeddable":true,"href":"https:\/\/sensationyoga.ca\/wp\/wp-json\/wp\/v2\/users\/1"}],"replies":[{"embeddable":true,"href":"https:\/\/sensationyoga.ca\/wp\/wp-json\/wp\/v2\/comments?post=484"}],"version-history":[{"count":7,"href":"https:\/\/sensationyoga.ca\/wp\/wp-json\/wp\/v2\/posts\/484\/revisions"}],"predecessor-version":[{"id":3270,"href":"https:\/\/sensationyoga.ca\/wp\/wp-json\/wp\/v2\/posts\/484\/revisions\/3270"}],"wp:attachment":[{"href":"https:\/\/sensationyoga.ca\/wp\/wp-json\/wp\/v2\/media?parent=484"}],"wp:term":[{"taxonomy":"category","embeddable":true,"href":"https:\/\/sensationyoga.ca\/wp\/wp-json\/wp\/v2\/categories?post=484"},{"taxonomy":"post_tag","embeddable":true,"href":"https:\/\/sensationyoga.ca\/wp\/wp-json\/wp\/v2\/tags?post=484"}],"curies":[{"name":"wp","href":"https:\/\/api.w.org\/{rel}","templated":true}]}}