{"id":1328,"date":"2021-01-22T00:06:08","date_gmt":"2021-01-22T00:06:08","guid":{"rendered":"https:\/\/sensationyoga.ca\/wp\/?p=1328"},"modified":"2023-05-06T00:58:11","modified_gmt":"2023-05-06T00:58:11","slug":"les-emotions-chez-les-enfants","status":"publish","type":"post","link":"https:\/\/sensationyoga.ca\/wp\/les-emotions-chez-les-enfants\/","title":{"rendered":"Les \u00e9motions chez les enfants"},"content":{"rendered":"<div class=\"fusion-fullwidth fullwidth-box fusion-builder-row-1 fusion-flex-container nonhundred-percent-fullwidth non-hundred-percent-height-scrolling\" style=\"--awb-border-radius-top-left:0px;--awb-border-radius-top-right:0px;--awb-border-radius-bottom-right:0px;--awb-border-radius-bottom-left:0px;--awb-flex-wrap:wrap;\" ><div class=\"fusion-builder-row fusion-row fusion-flex-align-items-flex-start fusion-flex-content-wrap\" style=\"max-width:1216.8px;margin-left: calc(-4% \/ 2 );margin-right: calc(-4% \/ 2 );\"><div class=\"fusion-layout-column fusion_builder_column fusion-builder-column-0 fusion_builder_column_1_1 1_1 fusion-flex-column\" style=\"--awb-bg-size:cover;--awb-width-large:100%;--awb-margin-top-large:0px;--awb-spacing-right-large:1.92%;--awb-margin-bottom-large:0px;--awb-spacing-left-large:1.92%;--awb-width-medium:100%;--awb-spacing-right-medium:1.92%;--awb-spacing-left-medium:1.92%;--awb-width-small:100%;--awb-spacing-right-small:1.92%;--awb-spacing-left-small:1.92%;\"><div class=\"fusion-column-wrapper fusion-flex-justify-content-flex-start fusion-content-layout-column\"><div class=\"fusion-text fusion-text-1\"><\/p>\n<\/p>\n<p class=\"wp-block-paragraph\"><a href=\"http:\/\/laccompagnante.com\/educationspecialisee.html\" data-type=\"URL\" data-id=\"http:\/\/laccompagnante.com\/educationspecialisee.html\">Mon enfant, comment je peux t'aider? <\/a>Pleurs, crises, temp\u00eates \u00e9motionnelles\u2026 cela fait partie de ton quotidien? Wow, c'est parfois intense, n'est-ce pas, toute cette \u00e9nergie qui \u00e9mane de nos enfants? On a tous v\u00e9cu ce genre d'exp\u00e9rience, en sortie ou \u00e0 la maison. Cela peut durer des heures et \u00e9puiser totalement les membres de la famille. Que ce soit \u00e0 la suite d'un refus ou tout simplement d'un changement de routine, les enfants deviennent parfois de v\u00e9ritables tsunamis. Il t'arrive de ressentir de la culpabilit\u00e9 et de l'impuissance face aux d\u00e9sorganisations de tes petits\u2026?<\/p>\n<\/p>\n<\/p>\n<h3 class=\"wp-block-heading\">\u00a0<\/h3>\n<h3>Un passage souhaitable<\/h3>\n<\/p>\n<p class=\"wp-block-paragraph\">Eh bien, c'est encourageant et r\u00e9confortant de savoir que cette \u00e9tape est tout \u00e0 fait normale et souhaitable\u2026 oui oui, souhaitable! Tout d'abord, le cerveau des tout-petits n'est pas totalement mature. Leur gestion des \u00e9motions n'est pas optimale. Ils agissent de fa\u00e7on impulsive. En fait, ils ne savent tout simplement pas comment faire pour exprimer leur joie, leur peine et leur peur. S'ensuit alors des crises. Comme toute phase de d\u00e9veloppement, la gestion des \u00e9motions s'apprend. Il est utopique de s'attendre \u00e0 ce que les jeunes soient en parfait contr\u00f4le de leurs \u00e9motions quand il leur manque des outils. On ne construit pas de maison sans marteau!<\/p>\n<\/p>\n<\/p>\n<p class=\"wp-block-paragraph\">Selon toi, pourquoi ce type de crises est-il souhaitable? Cela prouve que ton enfant ressent des \u00e9motions et qu'il construit sa personnalit\u00e9. Maintenant, il faut un peu de travail afin de bien g\u00e9rer ces manifestations. Alors, mon enfant, comment puis-je t'aider? En t'observant, en \u00e9piant tes faits et gestes afin de te conna\u00eetre et de te reconna\u00eetre comme \u00eatre humain. En \u00e9valuant tes besoins, en les nommant et en les comblant. En accueillant tes crises\u2026 je sais qu'elles ne sont pas dirig\u00e9es vers moi. En apprivoisant ta personnalit\u00e9. En t'offrant un environnement le plus calme possible. En prenant du temps pour moi afin d'\u00eatre plus disponible pour t'accompagner. En essayant de bien g\u00e9rer moi-m\u00eame mes propres \u00e9motions\u2026<\/p>\n<\/p>\n<\/p>\n<h3 class=\"wp-block-heading\">\u00a0<\/h3>\n<h3>Apprentissage<\/h3>\n<\/p>\n<p class=\"wp-block-paragraph\">Un mini \u00eatre humain se construit depuis sa conception, et ce, pour le reste de ses jours. Nous en sommes, comme parents, les contrema\u00eetres. Apprendre \u00e0 g\u00e9rer ses \u00e9motions est aussi important que d'apprendre \u00e0 marcher, \u00e0 lire ou \u00e0 \u00e9crire. Mais \u00e9tant abstraite, cette gestion demande une plus grande conscience de l'environnement int\u00e9rieur et ext\u00e9rieur. Ces simples actions au quotidien diminueront en fr\u00e9quence et en intensit\u00e9 les crises de tes enfants. Sachant que l'\u00e9ducation n'est pas une science absolue, il est probable que certains trucs et conseils ne fonctionneront pas \u00e0 tous les coups. Patience, r\u00e9silience, constance et coh\u00e9rence seront tes meilleures alli\u00e9es.<\/p>\n<\/p>\n<div class=\"wp-block-spacer\" style=\"height: 55px;\" aria-hidden=\"true\">Alors, mon enfant, comment puis-je t'aider? En m'informant, en me documentant, en demandant de l'aide au besoin. Mais surtout, en me faisant confiance. En te faisant confiance!<\/div>\n<div id=\"maman-bebe\" class=\"wp-block-media-text alignwide has-media-on-the-right is-stacked-on-mobile maman bebe\">\n<div class=\"wp-block-media-text__content\">\n<\/div>\n<figure class=\"wp-block-media-text__media\"><img decoding=\"async\" class=\"lazyload wp-image-1330 size-full\" src=\"data:image\/gif;base64,R0lGODlhAQABAAAAACH5BAEKAAEALAAAAAABAAEAAAICTAEAOw==\" data-orig-src=\"https:\/\/sensationyoga.ca\/wp\/wp-content\/uploads\/2021\/01\/Emotions-enfants.png\" alt=\"maman-bebe\"><\/figure>\n<\/div>\n<p><!-- \/wp:post-content --><\/p>\n<p><!-- wp:spacer  --><\/p>\n<div class=\"wp-block-spacer\" style=\"height: 65px;\" aria-hidden=\"true\">\u00a0<\/div>\n<p><!-- \/wp:spacer --><\/p>\n<p><!-- wp:paragraph --><\/p>\n<p>Marie Eve M. Themens, L'accompagnante<\/p>\n<p><!-- \/wp:paragraph --><\/p>\n<p><!-- wp:spacer --><\/p>\n<div class=\"wp-block-spacer\" style=\"height: 100px;\" aria-hidden=\"true\">\u00a0<\/div>\n<p><!-- \/wp:spacer --><\/p>\n<p><!-- wp:shortcode --><\/p>\n<p>\u00a0<\/p>\n<p><!-- \/wp:shortcode --><\/p>\n<\/div><\/div><\/div><\/div><\/div>","protected":false},"excerpt":{"rendered":"","protected":false},"author":1,"featured_media":0,"comment_status":"open","ping_status":"closed","sticky":false,"template":"","format":"standard","meta":{"_seopress_titles_title":"","_seopress_titles_desc":"","_seopress_robots_index":"","_seopress_robots_follow":"","_seopress_robots_imageindex":"","_seopress_robots_snippet":"","_seopress_robots_primary_cat":"none","_seopress_robots_breadcrumbs":"","_seopress_robots_freeze_modified_date":"","_seopress_robots_custom_modified_date":"","_seopress_robots_canonical":"","_seopress_social_fb_title":"","_seopress_social_fb_desc":"","_seopress_social_fb_img":"","_seopress_social_fb_img_attachment_id":0,"_seopress_social_fb_img_width":0,"_seopress_social_fb_img_height":0,"_seopress_social_twitter_title":"","_seopress_social_twitter_desc":"","_seopress_social_twitter_img":"","_seopress_social_twitter_img_attachment_id":0,"_seopress_social_twitter_img_width":0,"_seopress_social_twitter_img_height":0,"_seopress_redirections_value":"","_seopress_redirections_enabled":"","_seopress_redirections_enabled_regex":"","_seopress_redirections_logged_status":"both","_seopress_redirections_param":"","_seopress_redirections_type":301,"_seopress_analysis_target_kw":"","_seopress_news_disabled":"","_seopress_video_disabled":"","_seopress_video":[],"_seopress_pro_schemas_manual":[{"_seopress_pro_rich_snippets_type":"none"}],"_seopress_pro_rich_snippets_disable_all":"","_seopress_pro_rich_snippets_disable":[],"_seopress_pro_schemas":[],"_monsterinsights_skip_tracking":false,"footnotes":""},"categories":[9,11],"tags":[46,48,16,49],"class_list":["post-1328","post","type-post","status-publish","format-standard","hentry","category-maternite","category-perinatalite-cat","tag-emotions","tag-enfant","tag-perinatalite","tag-petite-enfance"],"_links":{"self":[{"href":"https:\/\/sensationyoga.ca\/wp\/wp-json\/wp\/v2\/posts\/1328","targetHints":{"allow":["GET"]}}],"collection":[{"href":"https:\/\/sensationyoga.ca\/wp\/wp-json\/wp\/v2\/posts"}],"about":[{"href":"https:\/\/sensationyoga.ca\/wp\/wp-json\/wp\/v2\/types\/post"}],"author":[{"embeddable":true,"href":"https:\/\/sensationyoga.ca\/wp\/wp-json\/wp\/v2\/users\/1"}],"replies":[{"embeddable":true,"href":"https:\/\/sensationyoga.ca\/wp\/wp-json\/wp\/v2\/comments?post=1328"}],"version-history":[{"count":6,"href":"https:\/\/sensationyoga.ca\/wp\/wp-json\/wp\/v2\/posts\/1328\/revisions"}],"predecessor-version":[{"id":3258,"href":"https:\/\/sensationyoga.ca\/wp\/wp-json\/wp\/v2\/posts\/1328\/revisions\/3258"}],"wp:attachment":[{"href":"https:\/\/sensationyoga.ca\/wp\/wp-json\/wp\/v2\/media?parent=1328"}],"wp:term":[{"taxonomy":"category","embeddable":true,"href":"https:\/\/sensationyoga.ca\/wp\/wp-json\/wp\/v2\/categories?post=1328"},{"taxonomy":"post_tag","embeddable":true,"href":"https:\/\/sensationyoga.ca\/wp\/wp-json\/wp\/v2\/tags?post=1328"}],"curies":[{"name":"wp","href":"https:\/\/api.w.org\/{rel}","templated":true}]}}